{"id":776,"date":"2026-04-19T23:20:15","date_gmt":"2026-04-19T23:20:15","guid":{"rendered":"https:\/\/www.carrental-agadir.com\/?p=776"},"modified":"2026-04-21T19:00:59","modified_gmt":"2026-04-21T19:00:59","slug":"erreurs-a-eviter-lors-de-la-reservation-dune-location-de-voiture-pas-chere-a-agadir","status":"publish","type":"post","link":"https:\/\/www.carrental-agadir.com\/fr\/budget\/mistakes-booking-cheap-car-rental-agadir\/","title":{"rendered":"Les 5 pires erreurs \u00e0 \u00e9viter lors de la r\u00e9servation d'une location de voiture pas ch\u00e8re \u00e0 Agadir (et ce qu'elles vous co\u00fbtent r\u00e9ellement)"},"content":{"rendered":"<p class=\"wp-block-paragraph\">Un couple suisse avait r\u00e9serv\u00e9 l\u2019\u00e9t\u00e9 dernier une location d\u2019une semaine \u00e0 140 \u20ac, avec une assurance tous risques incluse. Au comptoir de l\u2019a\u00e9roport d\u2019Agadir, l\u2019agent leur a expliqu\u00e9 que leur assurance ne couvrait que 1 000 \u20ac de dommages et qu\u2019ils devaient souscrire une couverture compl\u00e8te pour 18 \u20ac suppl\u00e9mentaires par jour. Ils ont refus\u00e9, pensant \u00eatre couverts. Trois jours plus tard, un caillou a \u00e9br\u00e9ch\u00e9 le pare-brise sur la route menant \u00e0 Paradise Valley. Facture finale \u00e0 la restitution du v\u00e9hicule : 580 \u20ac pour le remplacement du pare-brise, pr\u00e9lev\u00e9s sur la caution. La location de 140 \u20ac s'est transform\u00e9e en 720 \u20ac parce qu'ils avaient mal compris un mot dans la confirmation de r\u00e9servation.<\/p>\n\n\n<figure class=\"wp-block-post-featured-image\"><img fetchpriority=\"high\" decoding=\"async\" width=\"2560\" height=\"1429\" src=\"https:\/\/www.carrental-agadir.com\/wp-content\/uploads\/2026\/04\/Mistakes-booking-cheap-car-scaled.webp\" class=\"attachment-post-thumbnail size-post-thumbnail wp-post-image\" alt=\"Erreurs lors de la r\u00e9servation d&#039;une location de voiture pas ch\u00e8re \u00e0 Agadir : co\u00fbts cach\u00e9s, assurance, limites de kilom\u00e9trage, erreurs\" style=\"object-fit:cover;\" srcset=\"https:\/\/www.carrental-agadir.com\/wp-content\/uploads\/2026\/04\/Mistakes-booking-cheap-car-scaled.webp 2560w, https:\/\/www.carrental-agadir.com\/wp-content\/uploads\/2026\/04\/Mistakes-booking-cheap-car-300x167.webp 300w, https:\/\/www.carrental-agadir.com\/wp-content\/uploads\/2026\/04\/Mistakes-booking-cheap-car-1024x572.webp 1024w, https:\/\/www.carrental-agadir.com\/wp-content\/uploads\/2026\/04\/Mistakes-booking-cheap-car-768x429.webp 768w, https:\/\/www.carrental-agadir.com\/wp-content\/uploads\/2026\/04\/Mistakes-booking-cheap-car-1536x857.webp 1536w, https:\/\/www.carrental-agadir.com\/wp-content\/uploads\/2026\/04\/Mistakes-booking-cheap-car-2048x1143.webp 2048w\" sizes=\"(max-width: 2560px) 100vw, 2560px\" \/><\/figure>\n\n\n<p class=\"wp-block-paragraph\">Apr\u00e8s avoir ex\u00e9cut\u00e9 <a href=\"https:\/\/www.carrental-agadir.com\/fr\/\" data-type=\"page\" data-id=\"12\">location de voiture \u00e0 Agadir<\/a> Depuis plus d\u2019une d\u00e9cennie, nous avons vu d\u2019innombrables voyageurs commettre des erreurs co\u00fbteuses qui transforment des locations bon march\u00e9 en v\u00e9ritables casse-t\u00eate financiers. La plupart de ces erreurs se produisent avant la prise en charge du v\u00e9hicule, cach\u00e9es dans les confirmations de r\u00e9servation que les gens survolent en partant du principe que tout <a href=\"https:\/\/www.carrental-agadir.com\/fr\/location-de-voiture-pas-chere-a-agadir\/\" data-type=\"page\" data-id=\"807\">location de voiture pas ch\u00e8re \u00e0 Agadir<\/a> Ces options fonctionnent de la m\u00eame mani\u00e8re. En r\u00e9alit\u00e9, ce n'est pas le cas. La diff\u00e9rence entre une v\u00e9ritable bonne affaire et un pi\u00e8ge d\u00e9guis\u00e9 en \u00e9conomie se r\u00e9sume souvent \u00e0 cinq erreurs sp\u00e9cifiques qui co\u00fbtent des centaines d'euros.<\/p>\n\n\n\n<h2 class=\"wp-block-heading\">Erreur n\u00b0 1 : pr\u00e9sumer de la couverture d'assurance sans la v\u00e9rifier<\/h2>\n\n\n\n<p class=\"wp-block-paragraph\">L'erreur la plus co\u00fbteuse est li\u00e9e \u00e0 une confusion au sujet de l'assurance. La plupart des offres de location de voiture \u00e0 petit prix affichent des tarifs \" assurance comprise \", ce qui semble tr\u00e8s complet jusqu'\u00e0 ce que l'on lise les clauses en petits caract\u00e8res. Ce qui est r\u00e9ellement inclus : une assurance de base contre les dommages par collision avec une franchise de 800 \u00e0 1 200 \u20ac. Ce que cela signifie : vous \u00eates personnellement responsable des premiers 800 \u00e0 1 200 \u20ac de tout dommage. Les \u00e9clats sur le pare-brise, les rayures, les dommages aux pneus et les petits accrochages sont tous \u00e0 votre charge jusqu\u2019\u00e0 concurrence de ce montant.<\/p>\n\n\n\n<p class=\"wp-block-paragraph\">De nombreux voyageurs pensent que leur carte de cr\u00e9dit inclut une assurance pour les voitures de location. Certaines cartes offrent effectivement une couverture, mais il est important de lire attentivement les conditions g\u00e9n\u00e9rales. Une famille britannique a d\u00e9couvert l'hiver dernier que sa carte excluait express\u00e9ment le Maroc des territoires couverts. Elle avait refus\u00e9 l'assurance tous risques propos\u00e9e par l'agence de location, pensant que sa carte la prot\u00e9geait. Lorsqu'un incident de stationnement a caus\u00e9 450 \u20ac de d\u00e9g\u00e2ts \u00e0 une porti\u00e8re, l'\u00e9metteur de la carte a rejet\u00e9 la demande d'indemnisation. La famille a d\u00fb payer sur la caution bloqu\u00e9e, sans possibilit\u00e9 de remboursement.<\/p>\n\n\n\n<p class=\"wp-block-paragraph\">Nous avons mis fin \u00e0 cette confusion en incluant une assurance tous risques dans notre tarif de base. Pas de vente incitative au comptoir, pas de contrats \u00e0 v\u00e9rifier s\u00e9par\u00e9ment, pas de lacunes de couverture dont il faudrait se soucier. Les bris de pare-brise, les rayures, les probl\u00e8mes m\u00e9caniques et la protection contre le vol sont d\u00e9j\u00e0 couverts, sans frais suppl\u00e9mentaires ni franchise. <a href=\"https:\/\/www.carrental-agadir.com\/fr\/budget\/location-de-voiture-budget-a-agadir-a-moins-de-10-euros\/\" data-type=\"post\" data-id=\"657\">D\u00e9couvrez pourquoi les offres \u00e0 10 \u20ac par jour ne sont jamais ce qu'elles semblent \u00eatre<\/a>.<\/p>\n\n\n\n<h2 class=\"wp-block-heading\">Erreur n\u00b0 2 : ignorer les restrictions de kilom\u00e9trage jusqu'\u00e0 ce qu'il soit trop tard<\/h2>\n\n\n\n<p class=\"wp-block-paragraph\">Les loueurs de voitures low cost \u00e0 Agadir qui annoncent des tarifs journaliers incroyablement bas cachent souvent les limites de kilom\u00e9trage dans les conditions g\u00e9n\u00e9rales. Vous verrez \" 15 \u20ac \/ jour \" affich\u00e9 en gros, puis vous d\u00e9couvrirez en petits caract\u00e8res que vous \u00eates limit\u00e9 \u00e0 100-150 km par jour, avec des frais de 0,25 \u00e0 0,35 \u20ac par kilom\u00e8tre suppl\u00e9mentaire. Une location d\u2019une semaine pour un trajet Agadir-Marrakech-Essaouira-Agadir couvre facilement 900 \u00e0 1 000 km. Avec une limite quotidienne de 150 km (1 050 km par semaine), vous n\u2019avez aucun souci \u00e0 vous faire. Avec une limite de 100 km par jour (700 km par semaine), vous avez d\u00e9pass\u00e9 la limite de 250 km et devrez payer un suppl\u00e9ment de 65 \u00e0 90 \u20ac.<\/p>\n\n\n\n<p class=\"wp-block-paragraph\">Un couple italien a lou\u00e9 une voiture pendant dix jours en septembre dernier, \u00e0 12 \u20ac par jour, pensant avoir trouv\u00e9 une affaire incroyable. La limite quotidienne de 100 km leur semblait suffisante pour leur s\u00e9jour en ville. Puis ils ont spontan\u00e9ment pris la route pour Taroudant, ont fait une excursion d\u2019une journ\u00e9e \u00e0 Taghazout et ont explor\u00e9 les routes de montagne menant \u00e0 la Vall\u00e9e du Paradis. Kilom\u00e9trage final : 1 340 km. Forfait : 1 000 km. Suppl\u00e9ment : 119 \u20ac \u00e0 0,35 \u20ac\/km. Leur location de 120 \u20ac s'est finalement \u00e9lev\u00e9e \u00e0 239 \u20ac.<\/p>\n\n\n\n<p class=\"wp-block-paragraph\">Nous proposons un kilom\u00e9trage v\u00e9ritablement illimit\u00e9, sans plafond ni frais suppl\u00e9mentaires. Que vous parcouriez 500 km ou 50 km en une journ\u00e9e, le tarif reste le m\u00eame. Nos clients parcourent r\u00e9guli\u00e8rement entre 2 500 et 3 000 km par mois pour d\u00e9couvrir le Maroc, sans aucun suppl\u00e9ment li\u00e9 \u00e0 la distance.<\/p>\n\n\n\n<h2 class=\"wp-block-heading\">Erreur n\u00b0 3 : ne pas remplir les documents n\u00e9cessaires avant la location d'un v\u00e9hicule<\/h2>\n\n\n\n<p class=\"wp-block-paragraph\">Les voyageurs qui se pr\u00e9cipitent depuis l'a\u00e9roport apr\u00e8s de longs vols n\u00e9gligent souvent de proc\u00e9der \u00e0 une inspection minutieuse du v\u00e9hicule lors de la prise en charge. L'agent effectue un rapide tour du v\u00e9hicule, note quelques rayures existantes sur le contrat et vous remet les cl\u00e9s. Vous partez sans prendre de photos ni v\u00e9rifier que les dommages consign\u00e9s correspondent bien \u00e0 la r\u00e9alit\u00e9. Au moment de la restitution, l\u2019agent vous signale une rayure sur une porti\u00e8re dont vous \u00eates certain qu\u2019elle n\u2019\u00e9tait pas l\u00e0. Sans photos prouvant qu\u2019elle existait d\u00e9j\u00e0 \u00e0 la prise en charge, vous devrez prendre en charge les frais de r\u00e9paration.<\/p>\n\n\n\n<p class=\"wp-block-paragraph\">En novembre dernier, une famille allemande a pass\u00e9 45 minutes, au moment de rendre le v\u00e9hicule, \u00e0 discuter d\u2019une rayure sur le pare-chocs que la soci\u00e9t\u00e9 consid\u00e9rait comme un dommage r\u00e9cent. Elle disposait de photos prouvant que la rayure existait d\u00e9j\u00e0 au moment de la prise en charge, mais le contrat initial n\u2019en faisait pas mention. L\u2019agent au comptoir a expliqu\u00e9 que son coll\u00e8gue avait d\u00fb l\u2019avoir manqu\u00e9e et qu\u2019ils partageraient les frais de r\u00e9paration. La famille a camp\u00e9 sur ses positions en s'appuyant sur ses preuves photographiques et a finalement obtenu gain de cause, mais cela a transform\u00e9 une restitution qui aurait d\u00fb prendre cinq minutes en pr\u00e8s d'une heure de n\u00e9gociations stressantes.<\/p>\n\n\n\n<p class=\"wp-block-paragraph\">Nous effectuons chaque inspection \u00e0 la prise en charge et \u00e0 la restitution du v\u00e9hicule en pr\u00e9sence du client, \u00e0 l'aide d'un dossier num\u00e9rique comprenant des photos. Ce processus, qui ne prend que cinq minutes, permet de cr\u00e9er un dossier partag\u00e9 auquel les deux parties peuvent se r\u00e9f\u00e9rer et \u00e9limine totalement tout litige li\u00e9 \u00e0 la restitution. Si des dommages apparaissent pendant la dur\u00e9e de votre location, vous savez exactement ce dont vous \u00eates responsable, car nous avons consign\u00e9 ensemble l'\u00e9tat du v\u00e9hicule au d\u00e9but de la location.<\/p>\n\n\n\n<h2 class=\"wp-block-heading\">Erreur n\u00b0 4 : mauvaise compr\u00e9hension des conditions d'annulation et de modification<\/h2>\n\n\n\n<p class=\"wp-block-paragraph\">Les tarifs \u00ab Budget \u00bb s\u2019accompagnent souvent de conditions d\u2019annulation strictes. Imaginez que vous r\u00e9serviez une semaine \u00e0 180 \u20ac plusieurs mois \u00e0 l\u2019avance, que vous deviez ensuite annuler deux semaines avant la prise en charge, et que vous d\u00e9couvriez que la politique d\u2019annulation ne pr\u00e9voit aucun remboursement pour les annulations effectu\u00e9es dans les 30 jours pr\u00e9c\u00e9dant le d\u00e9but de la location. Vos projets de voyage ont chang\u00e9, mais ces 180 \u20ac ont quand m\u00eame \u00e9t\u00e9 d\u00e9bit\u00e9s. Ou bien vous devez prolonger la location de trois jours et le tarif journalier pour les prolongations passe de 26 \u20ac (prix r\u00e9serv\u00e9) \u00e0 45 \u20ac, car les prolongations sont factur\u00e9es au tarif du jour et non au tarif pr\u00e9f\u00e9rentiel r\u00e9serv\u00e9 \u00e0 l'avance.<\/p>\n\n\n\n<p class=\"wp-block-paragraph\">Un couple canadien avait r\u00e9serv\u00e9 deux semaines \u00e0 des tarifs hebdomadaires tr\u00e8s comp\u00e9titifs l'hiver dernier. Une urgence familiale les a contraints \u00e0 rentrer chez eux apr\u00e8s seulement neuf jours. Ils ont contact\u00e9 l'entreprise pour demander un remboursement partiel correspondant aux jours non utilis\u00e9s et ont appris que leur tarif pr\u00e9pay\u00e9 n'\u00e9tait ni remboursable ni modifiable. Ils avaient pay\u00e9 pour quatorze jours, en avaient utilis\u00e9 neuf et n'ont re\u00e7u aucun remboursement pour les cinq jours non utilis\u00e9s.<\/p>\n\n\n\n<p class=\"wp-block-paragraph\">Notre politique d'annulation vous permet d'annuler sans frais jusqu'\u00e0 48 heures avant la prise en charge, avec remboursement int\u00e9gral. Vous souhaitez prolonger votre location ? Le tarif journalier reste identique \u00e0 celui de votre r\u00e9servation initiale, sans majoration li\u00e9e \u00e0 une r\u00e9servation de derni\u00e8re minute. Si vos projets changent, la location s'adapte sans p\u00e9nalit\u00e9s financi\u00e8res.<\/p>\n\n\n\n<h2 class=\"wp-block-heading\">Erreur n\u00b0 5 : accepter des d\u00e9classements de v\u00e9hicule dans le cadre d'une pratique de \u00ab leurre commercial \u00bb<\/h2>\n\n\n\n<p class=\"wp-block-paragraph\">Vous r\u00e9servez un type de v\u00e9hicule pr\u00e9cis, vous vous pr\u00e9sentez \u00e0 l'agence de location, et l'agent s'excuse en vous expliquant que la cat\u00e9gorie r\u00e9serv\u00e9e n'est pas disponible. Il vous propose soit un v\u00e9hicule plus petit au m\u00eame prix, soit un surclassement \" gratuit \" vers un mod\u00e8le plus grand. La voiture plus petite ne r\u00e9pondant pas \u00e0 vos besoins, vous acceptez le surclassement \u00ab gratuit \u00bb, pensant avoir fait une bonne affaire. Vous d\u00e9couvrez alors que la cat\u00e9gorie de v\u00e9hicule plus grande implique une franchise d\u2019assurance plus \u00e9lev\u00e9e (1 500 \u20ac au lieu de 1 000 \u20ac) et consomme 30% de carburant en plus. Votre location d\u2019une semaine vous co\u00fbte 60 \u00e0 80 \u20ac suppl\u00e9mentaires en carburant, que vous n\u2019auriez pas d\u00e9pens\u00e9s avec le v\u00e9hicule r\u00e9serv\u00e9.<\/p>\n\n\n\n<p class=\"wp-block-paragraph\">Sinon, ils vous attribuent un v\u00e9hicule de cat\u00e9gorie inf\u00e9rieure et refusent tout ajustement tarifaire sous pr\u00e9texte que \" c\u2019est tout ce dont nous disposons \". Une famille fran\u00e7aise avait r\u00e9serv\u00e9 un SUV \u00e0 bo\u00eete automatique pour quatre adultes et leurs bagages. Au moment de la prise en charge, seules des voitures compactes \u00e0 bo\u00eete manuelle \u00e9taient disponibles. L\u2019agent n\u2019a propos\u00e9 aucun remboursement pour ce changement de cat\u00e9gorie. La famille a pass\u00e9 une semaine entass\u00e9e dans des conditions inconfortables dans un type de v\u00e9hicule qu\u2019elle avait express\u00e9ment choisi de ne pas r\u00e9server.<\/p>\n\n\n\n<p class=\"wp-block-paragraph\">Nous garantissons la disponibilit\u00e9 des cat\u00e9gories de v\u00e9hicules en g\u00e9rant avec soin la capacit\u00e9 de notre flotte en fonction des r\u00e9servations. Dans les rares cas o\u00f9 le v\u00e9hicule que vous avez r\u00e9serv\u00e9 ne serait pas disponible, nous vous proposerons une alternative \u00e9quivalente ou sup\u00e9rieure, au m\u00eame prix et avec les m\u00eames conditions d'assurance. Pas d'augmentation surprise de la consommation de carburant, pas de modification de la franchise d'assurance, pas de d\u00e9classement impos\u00e9 sans ajustement du tarif.<\/p>\n\n\n\n<p class=\"wp-block-paragraph\">Pour une transparence totale sur ce qui est r\u00e9ellement inclus dans nos tarifs, rendez-vous sur notre <a href=\"https:\/\/www.carrental-agadir.com\/fr\/services\/\">page des services<\/a> concernant l'assurance, le kilom\u00e9trage et les conditions g\u00e9n\u00e9rales. D\u00e9couvrez <a href=\"https:\/\/www.carrental-agadir.com\/fr\/budget\/location-de-voiture-pas-chere-a-agadir-sans-carte-bancaire\/\" data-type=\"post\" data-id=\"670\">Louer sans carte de cr\u00e9dit \u00e0 Agadir<\/a> et vous pouvez <a href=\"https:\/\/www.carrental-agadir.com\/fr\/trouver-une-voiture\/\">v\u00e9rifier la disponibilit\u00e9<\/a> pour r\u00e9server vos dates en toute confiance, en sachant que le tarif affich\u00e9 est celui que vous paierez.<\/p>","protected":false},"excerpt":{"rendered":"<p>A Swiss couple booked a \u20ac140 week-long rental last summer showing comprehensive insurance included. At the Agadir airport desk, the agent explained their insurance only covered \u20ac1,000 of damage and they'd need full coverage for an additional \u20ac18 daily. They declined, thinking they were covered. Three days later, a rock chipped the windshield on the [&hellip;]<\/p>\n","protected":false},"author":1,"featured_media":777,"comment_status":"closed","ping_status":"open","sticky":false,"template":"","format":"standard","meta":{"footnotes":""},"categories":[20],"tags":[],"class_list":["post-776","post","type-post","status-publish","format-standard","has-post-thumbnail","hentry","category-budget"],"_links":{"self":[{"href":"https:\/\/www.carrental-agadir.com\/fr\/wp-json\/wp\/v2\/posts\/776","targetHints":{"allow":["GET"]}}],"collection":[{"href":"https:\/\/www.carrental-agadir.com\/fr\/wp-json\/wp\/v2\/posts"}],"about":[{"href":"https:\/\/www.carrental-agadir.com\/fr\/wp-json\/wp\/v2\/types\/post"}],"author":[{"embeddable":true,"href":"https:\/\/www.carrental-agadir.com\/fr\/wp-json\/wp\/v2\/users\/1"}],"replies":[{"embeddable":true,"href":"https:\/\/www.carrental-agadir.com\/fr\/wp-json\/wp\/v2\/comments?post=776"}],"version-history":[{"count":2,"href":"https:\/\/www.carrental-agadir.com\/fr\/wp-json\/wp\/v2\/posts\/776\/revisions"}],"predecessor-version":[{"id":831,"href":"https:\/\/www.carrental-agadir.com\/fr\/wp-json\/wp\/v2\/posts\/776\/revisions\/831"}],"wp:featuredmedia":[{"embeddable":true,"href":"https:\/\/www.carrental-agadir.com\/fr\/wp-json\/wp\/v2\/media\/777"}],"wp:attachment":[{"href":"https:\/\/www.carrental-agadir.com\/fr\/wp-json\/wp\/v2\/media?parent=776"}],"wp:term":[{"taxonomy":"category","embeddable":true,"href":"https:\/\/www.carrental-agadir.com\/fr\/wp-json\/wp\/v2\/categories?post=776"},{"taxonomy":"post_tag","embeddable":true,"href":"https:\/\/www.carrental-agadir.com\/fr\/wp-json\/wp\/v2\/tags?post=776"}],"curies":[{"name":"wp","href":"https:\/\/api.w.org\/{rel}","templated":true}]}}